{"id":1176,"date":"2026-04-23T20:06:03","date_gmt":"2026-04-23T20:06:03","guid":{"rendered":"https:\/\/olinea.com.mx\/?p=1176"},"modified":"2026-04-23T20:06:03","modified_gmt":"2026-04-23T20:06:03","slug":"olinea-busca-mx200-millones-para-fabricar-su-minivehiculo-electrico-en-2027","status":"publish","type":"post","link":"https:\/\/olinea.com.mx\/index.php\/2026\/04\/23\/olinea-busca-mx200-millones-para-fabricar-su-minivehiculo-electrico-en-2027\/","title":{"rendered":"Olinea busca MX$200 millones para fabricar su miniveh\u00edculo el\u00e9ctrico en 2027"},"content":{"rendered":"<p>Introducci\u00f3n<\/p>\n<p>La iniciativa Olinea, impulsada por la Secretar\u00eda de Ciencia, Tecnolog\u00eda e Innovaci\u00f3n (Secihti), aspira a crear un nuevo tipo de veh\u00edculo urbano el\u00e9ctrico y accesible en M\u00e9xico. Tras completar la fase de dise\u00f1o y conceptualizaci\u00f3n en 2025, ahora enfrenta el reto de reunir capital para llevar su miniveh\u00edculo a la producci\u00f3n masiva. A principios de 2026, los responsables del proyecto informaron que necesitan alrededor de 200 millones de pesos (unos 11,25 millones de d\u00f3lares) de inversi\u00f3n privada para desarrollar prototipos, consolidar la cadena de suministro y escalar la fabricaci\u00f3n, con el objetivo de lanzar las primeras unidades comerciales en 2027.<\/p>\n<p>Desarrollo informativo<\/p>\n<p>Seg\u00fan reportes de medios de negocios, la ingenier\u00eda del prototipo de Olinea concluir\u00eda en marzo de 2026 y la presentaci\u00f3n de los primeros veh\u00edculos de prueba est\u00e1 programada para el 11 de junio del mismo a\u00f1o. El proyecto contempla dos variantes: una versi\u00f3n para transporte personal, con capacidad para hasta cinco pasajeros, y una versi\u00f3n de carga dise\u00f1ada para distribuir paqueter\u00eda y mercanc\u00edas ligeras de hasta 600 kilogramos. Ambas tendr\u00e1n una velocidad m\u00e1xima de 50 km\/h, se recargar\u00e1n en tomacorrientes dom\u00e9sticos y estar\u00e1n pensadas para recorridos de corta distancia.<\/p>\n<p>La coordinaci\u00f3n general recae en el director de Olinea, Roberto Capuano, quien ha explicado que se busca crear una nueva categor\u00eda de veh\u00edculos ligeros de barrio para resolver problemas de movilidad en zonas urbanas densas y sustituir formas de transporte informal. Para lograrlo, Olinea ha conformado un equipo multidisciplinario con investigadores del Instituto Tecnol\u00f3gico de Puebla, del Instituto Polit\u00e9cnico Nacional (IPN) y del Tecnol\u00f3gico Nacional de M\u00e9xico (TecNM). La empresa estatal LitioMX y la Secretar\u00eda de Energ\u00eda (Sener) financian el desarrollo de bater\u00edas con una aportaci\u00f3n de 175 millones de pesos, mientras que la fase de dise\u00f1o cont\u00f3 con menos de 50 millones de pesos en capital semilla otorgado por el gobierno federal.<\/p>\n<p>Pese a estas aportaciones p\u00fablicas, el paso cr\u00edtico es captar unos 200 millones de pesos adicionales de inversionistas privados para fabricar las primeras series. Este capital se destinar\u00eda a establecer l\u00edneas de ensamble, adquirir componentes, homologar el veh\u00edculo y financiar las pruebas piloto. Sin estos recursos, el cronograma podr\u00eda retrasarse m\u00e1s all\u00e1 de 2027, pues el financiamiento p\u00fablico cubre \u00fanicamente la investigaci\u00f3n y el dise\u00f1o.<\/p>\n<p>Contexto oficial<\/p>\n<p>Olinea ha sido presentado por el gobierno como un proyecto social que no pretende competir con grandes fabricantes internacionales. Se estima que las versiones comerciales tendr\u00e1n un precio de entre 90.000 y 150.000 pesos, lo que los har\u00eda m\u00e1s asequibles que los veh\u00edculos el\u00e9ctricos convencionales. El objetivo es que los miniveh\u00edculos se produzcan en Puebla, aprovechando la infraestructura acad\u00e9mica y tecnol\u00f3gica de la regi\u00f3n, y que su fabricaci\u00f3n contribuya a detonar una cadena de suministro nacional de autopartes y bater\u00edas.<\/p>\n<p>Adem\u00e1s de la obtenci\u00f3n de capital, Olinea requiere que las autoridades definan una norma oficial para su categor\u00eda de \u201cminiveh\u00edculo\u201d, pues actualmente la regulaci\u00f3n no contempla este tipo de automotores. Tambi\u00e9n deber\u00e1 resolverse la log\u00edstica de distribuci\u00f3n y los incentivos fiscales para fomentar su adopci\u00f3n por parte de hogares, trabajadores de reparto y peque\u00f1os negocios.<\/p>\n<p>Qu\u00e9 se sabe \/ qu\u00e9 no se sabe<\/p>\n<p>Se sabe que:<br \/>\n&#8211; La fase de ingenier\u00eda y dise\u00f1o concluir\u00e1 en marzo de 2026 y los prototipos se mostrar\u00e1n en junio del mismo a\u00f1o.<br \/>\n&#8211; Habr\u00e1 dos variantes: una de pasajeros (hasta cinco personas) y una de carga (dos personas y 600 kg).<br \/>\n&#8211; El proyecto cuenta con apoyo de instituciones p\u00fablicas como el IPN, TecNM y el Instituto Tecnol\u00f3gico de Puebla.<br \/>\n&#8211; El precio estimado ser\u00e1 de entre 90.000 y 150.000 pesos.<\/p>\n<p>No se sabe:<br \/>\n&#8211; Si se alcanzar\u00e1 la meta de reunir 200 millones de pesos en inversi\u00f3n privada y en qu\u00e9 plazo.<br \/>\n&#8211; Cu\u00e1l ser\u00e1 la ubicaci\u00f3n definitiva de la planta de producci\u00f3n y la capacidad de fabricaci\u00f3n anual.<br \/>\n&#8211; La autonom\u00eda exacta, el tipo de bater\u00eda y otros par\u00e1metros t\u00e9cnicos del miniveh\u00edculo.<br \/>\n&#8211; Qu\u00e9 incentivos fiscales y normativos aplicar\u00e1n para su comercializaci\u00f3n.<\/p>\n<p>Preguntas frecuentes (FAQ)<\/p>\n<p>\u3011\u3011\u3011\u3011\u3011\u3011\u3011\u3011\u3011\u3011\u3011\u3011\u3011\u3011\u3011<br \/>\n\u2022 **\u00bfCu\u00e1nto dinero necesita Olinea para iniciar la producci\u00f3n?**<br \/>\nLos responsables del proyecto estiman que necesitan alrededor de 200 millones de pesos adicionales para establecer l\u00edneas de producci\u00f3n y lanzar la fase comercial.<\/p>\n<p>**\u00bfCu\u00e1ndo se presentar\u00e1n los prototipos?**<br \/>\nLa presentaci\u00f3n de los prototipos est\u00e1 programada para el 11 de junio de 2026, una vez concluida la fase de ingenier\u00eda.<\/p>\n<p>**\u00bfQu\u00e9 modelos se ofrecer\u00e1n?**<br \/>\nSe desarrollan dos versiones: una de pasajeros para hasta cinco personas y otra de carga para dos personas y 600 kg de carga, ambas con velocidad m\u00e1xima de 50 km\/h.<\/p>\n<p>**\u00bfCu\u00e1l ser\u00e1 el precio aproximado?**<br \/>\nEl rango de precio estimado oscila entre 90.000 y 150.000 pesos, dependiendo del modelo y las especificaciones.<\/p>\n<p>**\u00bfQui\u00e9n participa en el proyecto?**<br \/>\nOlinea est\u00e1 coordinado por la Secihti y cuenta con apoyo del IPN, TecNM, el Instituto Tecnol\u00f3gico de Puebla y financiamiento de Sener y LitioMX.<\/p>\n<p>Cierre informativo<\/p>\n<p>El futuro de Olinea depende de la capacidad de atraer inversi\u00f3n privada y de resolver los aspectos regulatorios que permitan homologar los miniveh\u00edculos el\u00e9ctricos en M\u00e9xico. Mientras tanto, el equipo de investigaci\u00f3n contin\u00faa afinando el dise\u00f1o y preparando los primeros prototipos que se dar\u00e1n a conocer a mediados de 2026. Si los objetivos de financiamiento y producci\u00f3n se cumplen, las primeras unidades podr\u00edan llegar al mercado en 2027, ofreciendo una opci\u00f3n accesible y sostenible para la movilidad urbana.<\/p>\n","protected":false},"excerpt":{"rendered":"<p>Introducci\u00f3n La iniciativa Olinea, impulsada por la Secretar\u00eda de Ciencia, Tecnolog\u00eda e Innovaci\u00f3n (Secihti), aspira&hellip;<\/p>\n","protected":false},"author":1,"featured_media":1177,"comment_status":"open","ping_status":"open","sticky":false,"template":"","format":"standard","meta":{"footnotes":""},"categories":[34],"tags":[],"class_list":["post-1176","post","type-post","status-publish","format-standard","has-post-thumbnail","hentry","category-prototipos-cronograma"],"_links":{"self":[{"href":"https:\/\/olinea.com.mx\/index.php\/wp-json\/wp\/v2\/posts\/1176","targetHints":{"allow":["GET"]}}],"collection":[{"href":"https:\/\/olinea.com.mx\/index.php\/wp-json\/wp\/v2\/posts"}],"about":[{"href":"https:\/\/olinea.com.mx\/index.php\/wp-json\/wp\/v2\/types\/post"}],"author":[{"embeddable":true,"href":"https:\/\/olinea.com.mx\/index.php\/wp-json\/wp\/v2\/users\/1"}],"replies":[{"embeddable":true,"href":"https:\/\/olinea.com.mx\/index.php\/wp-json\/wp\/v2\/comments?post=1176"}],"version-history":[{"count":1,"href":"https:\/\/olinea.com.mx\/index.php\/wp-json\/wp\/v2\/posts\/1176\/revisions"}],"predecessor-version":[{"id":1178,"href":"https:\/\/olinea.com.mx\/index.php\/wp-json\/wp\/v2\/posts\/1176\/revisions\/1178"}],"wp:featuredmedia":[{"embeddable":true,"href":"https:\/\/olinea.com.mx\/index.php\/wp-json\/wp\/v2\/media\/1177"}],"wp:attachment":[{"href":"https:\/\/olinea.com.mx\/index.php\/wp-json\/wp\/v2\/media?parent=1176"}],"wp:term":[{"taxonomy":"category","embeddable":true,"href":"https:\/\/olinea.com.mx\/index.php\/wp-json\/wp\/v2\/categories?post=1176"},{"taxonomy":"post_tag","embeddable":true,"href":"https:\/\/olinea.com.mx\/index.php\/wp-json\/wp\/v2\/tags?post=1176"}],"curies":[{"name":"wp","href":"https:\/\/api.w.org\/{rel}","templated":true}]}}