{"id":1175,"date":"2026-04-23T20:04:27","date_gmt":"2026-04-23T20:04:27","guid":{"rendered":"https:\/\/olinea.com.mx\/?p=1175"},"modified":"2026-04-23T20:04:27","modified_gmt":"2026-04-23T20:04:27","slug":"proyecto-olinia-retrasos-y-sin-fecha-de-lanzamiento-en-2026","status":"publish","type":"post","link":"https:\/\/olinea.com.mx\/index.php\/2026\/04\/23\/proyecto-olinia-retrasos-y-sin-fecha-de-lanzamiento-en-2026\/","title":{"rendered":"Proyecto Olinia: retrasos y sin fecha de lanzamiento en 2026"},"content":{"rendered":"<p>Introducci\u00f3n<\/p>\n<p>El proyecto Olinia, anunciado como el primer miniveh\u00edculo el\u00e9ctrico mexicano de producci\u00f3n nacional, sigue sin concretar su salida al mercado. A pesar de que se present\u00f3 un prototipo en video y que cuenta con el respaldo de instituciones como el Instituto Polit\u00e9cnico Nacional (IPN), el Tecnol\u00f3gico Nacional de M\u00e9xico (TecNM) y la Universidad Nacional Aut\u00f3noma de M\u00e9xico (UNAM), los especialistas se\u00f1alan que la producci\u00f3n podr\u00eda iniciar hasta 2027\u3010229250102435102\u2020L120-L135\u3011. La presidenta Claudia Sheinbaum ha reiterado que el proyecto se consolidar\u00e1 durante su administraci\u00f3n, pero a enero de 2026 no existe una fecha confirmada de lanzamiento\u3010229250102435102\u2020L120-L135\u3011.<\/p>\n<p>Desarrollo informativo<\/p>\n<p>Olinia fue concebido para cumplir con est\u00e1ndares de eficiencia energ\u00e9tica y adaptarse a las necesidades de transporte en ciudades peque\u00f1as y medianas. Seg\u00fan la informaci\u00f3n oficial, el veh\u00edculo tendr\u00e1 capacidad para cinco pasajeros, podr\u00e1 recargarse en enchufes convencionales y su costo de operaci\u00f3n ser\u00e1 menor que el de un autom\u00f3vil de gasolina o incluso el de una motocicleta\u3010229250102435102\u2020L127-L131\u3011. La idea es ofrecer una alternativa de movilidad local y ecol\u00f3gica que sustituya mototaxis y peque\u00f1os veh\u00edculos de carga en colonias y centros hist\u00f3ricos, donde el tr\u00e1nsito es complicado y la contaminaci\u00f3n elevada. En un video difundido por la presidenta, Sheinbaum asegur\u00f3 que \u201cpara el primer trimestre de 2027 vamos a poder comprar todas las mexicanas y mexicanos un miniveh\u00edculo el\u00e9ctrico Olinia\u201d\u3010229250102435102\u2020L133-L135\u3011, aunque el proyecto avanza sin fechas p\u00fablicas de producci\u00f3n ni de lanzamiento confirmadas.<\/p>\n<p>Contexto oficial y participaci\u00f3n de instituciones<\/p>\n<p>El desarrollo del miniauto se lleva a cabo en Puebla, donde trabajan m\u00e1s de 70 investigadores de distintas instituciones p\u00fablicas. El gobierno ha destinado recursos y convocado a especialistas del IPN, TecNM y UNAM para dise\u00f1ar un veh\u00edculo ligero, el\u00e9ctrico y accesible. La meta original era presentar una flotilla piloto de unidades en 2026, sin embargo a\u00fan no se han anunciado avances concretos. Las declaraciones recientes apuntan a que el cronograma de producci\u00f3n se ha desplazado hacia 2027\u3010229250102435102\u2020L133-L135\u3011, lo que refleja los retos t\u00e9cnicos y administrativos que enfrenta el proyecto.<\/p>\n<p>Qu\u00e9 se sabe y qu\u00e9 no se sabe<\/p>\n<p>Lo que se sabe:<br \/>\n&#8211; Existe un prototipo en video que muestra el dise\u00f1o general del miniauto.<br \/>\n&#8211; Tendr\u00e1 capacidad para cinco pasajeros y se recargar\u00e1 en enchufes convencionales\u3010229250102435102\u2020L127-L131\u3011.<br \/>\n&#8211; Se espera que su costo de operaci\u00f3n sea inferior al de un autom\u00f3vil de gasolina o una motocicleta\u3010229250102435102\u2020L127-L131\u3011.<br \/>\n&#8211; Participan instituciones acad\u00e9micas de renombre como el IPN, TecNM y UNAM\u3010229250102435102\u2020L120-L135\u3011.<\/p>\n<p>Lo que no se sabe:<br \/>\n&#8211; No hay una fecha exacta de lanzamiento comercial; las proyecciones apuntan al primer trimestre de 2027\u3010229250102435102\u2020L133-L135\u3011.<br \/>\n&#8211; Tampoco se ha publicado un calendario de producci\u00f3n ni la cantidad de unidades que se fabricar\u00e1n en la fase piloto.<br \/>\n&#8211; A\u00fan no se han dado a conocer detalles sobre la autonom\u00eda, el equipamiento interior o el precio final de cada modelo.<br \/>\n&#8211; Se desconoce el esquema de financiamiento o comercializaci\u00f3n que utilizar\u00e1 el gobierno.<\/p>\n<p>Preguntas frecuentes (FAQ)<\/p>\n<p>\u00bf**Cu\u00e1ndo saldr\u00e1 a la venta Olinia?**<br \/>\nA enero de 2026 no existe una fecha confirmada de lanzamiento. La presidenta ha mencionado que el miniveh\u00edculo podr\u00eda comenzar a venderse durante el primer trimestre de 2027, pero esto a\u00fan depende del avance del proyecto y de la producci\u00f3n piloto\u3010229250102435102\u2020L133-L135\u3011.<\/p>\n<p>\u00bf**Qu\u00e9 instituciones participan en el desarrollo?**<br \/>\nEl proyecto cuenta con el apoyo del Instituto Polit\u00e9cnico Nacional, el Tecnol\u00f3gico Nacional de M\u00e9xico y la Universidad Nacional Aut\u00f3noma de M\u00e9xico, adem\u00e1s de centros p\u00fablicos de la Secretar\u00eda de Ciencia, Humanidades, Tecnolog\u00eda e Innovaci\u00f3n\u3010229250102435102\u2020L120-L135\u3011.<\/p>\n<p>\u00bf**Cu\u00e1ntos pasajeros podr\u00e1 transportar el miniveh\u00edculo?**<br \/>\nSeg\u00fan la informaci\u00f3n oficial, el Olinia tendr\u00e1 capacidad para cinco pasajeros y estar\u00e1 pensado para recorridos cortos en zonas urbanas\u3010229250102435102\u2020L127-L131\u3011.<\/p>\n<p>\u00bf**C\u00f3mo se recargar\u00e1 y cu\u00e1nto costar\u00e1 operarlo?**<br \/>\nEl veh\u00edculo se podr\u00e1 recargar en enchufes convencionales de cualquier hogar o comercio y su costo de operaci\u00f3n ser\u00e1 m\u00e1s bajo que el de un autom\u00f3vil de gasolina o incluso el de una motocicleta\u3010229250102435102\u2020L127-L131\u3011. A\u00fan no se han revelado los detalles sobre la autonom\u00eda o el tiempo de recarga.<\/p>\n<p>Cierre informativo<\/p>\n<p>El proyecto Olinia sigue generando expectativa porque representa una apuesta del gobierno para promover la electromovilidad accesible en M\u00e9xico. Sin embargo, los retrasos y la falta de informaci\u00f3n concreta sobre fechas y especificaciones t\u00e9cnicas han aumentado la incertidumbre. 2026 ser\u00e1 un a\u00f1o clave para conocer avances reales, pero por ahora la recomendaci\u00f3n es seguir las fuentes oficiales y esperar anuncios confirmados antes de asumir fechas de lanzamiento o caracter\u00edsticas definitivas.<\/p>\n","protected":false},"excerpt":{"rendered":"<p>Introducci\u00f3n El proyecto Olinia, anunciado como el primer miniveh\u00edculo el\u00e9ctrico mexicano de producci\u00f3n nacional, sigue&hellip;<\/p>\n","protected":false},"author":1,"featured_media":1179,"comment_status":"open","ping_status":"open","sticky":false,"template":"","format":"standard","meta":{"footnotes":""},"categories":[1],"tags":[],"class_list":["post-1175","post","type-post","status-publish","format-standard","has-post-thumbnail","hentry","category-uncategorized"],"_links":{"self":[{"href":"https:\/\/olinea.com.mx\/index.php\/wp-json\/wp\/v2\/posts\/1175","targetHints":{"allow":["GET"]}}],"collection":[{"href":"https:\/\/olinea.com.mx\/index.php\/wp-json\/wp\/v2\/posts"}],"about":[{"href":"https:\/\/olinea.com.mx\/index.php\/wp-json\/wp\/v2\/types\/post"}],"author":[{"embeddable":true,"href":"https:\/\/olinea.com.mx\/index.php\/wp-json\/wp\/v2\/users\/1"}],"replies":[{"embeddable":true,"href":"https:\/\/olinea.com.mx\/index.php\/wp-json\/wp\/v2\/comments?post=1175"}],"version-history":[{"count":1,"href":"https:\/\/olinea.com.mx\/index.php\/wp-json\/wp\/v2\/posts\/1175\/revisions"}],"predecessor-version":[{"id":1180,"href":"https:\/\/olinea.com.mx\/index.php\/wp-json\/wp\/v2\/posts\/1175\/revisions\/1180"}],"wp:featuredmedia":[{"embeddable":true,"href":"https:\/\/olinea.com.mx\/index.php\/wp-json\/wp\/v2\/media\/1179"}],"wp:attachment":[{"href":"https:\/\/olinea.com.mx\/index.php\/wp-json\/wp\/v2\/media?parent=1175"}],"wp:term":[{"taxonomy":"category","embeddable":true,"href":"https:\/\/olinea.com.mx\/index.php\/wp-json\/wp\/v2\/categories?post=1175"},{"taxonomy":"post_tag","embeddable":true,"href":"https:\/\/olinea.com.mx\/index.php\/wp-json\/wp\/v2\/tags?post=1175"}],"curies":[{"name":"wp","href":"https:\/\/api.w.org\/{rel}","templated":true}]}}