{"id":1084,"date":"2025-12-07T00:35:44","date_gmt":"2025-12-07T00:35:44","guid":{"rendered":"https:\/\/olinea.com.mx\/?p=1084"},"modified":"2025-12-07T00:35:45","modified_gmt":"2025-12-07T00:35:45","slug":"sheinbaum-quiere-llegar-al-mundial-2026-en-olinia-el-mini-auto-electrico-y-sus-tres-versiones","status":"publish","type":"post","link":"https:\/\/olinea.com.mx\/index.php\/2025\/12\/07\/sheinbaum-quiere-llegar-al-mundial-2026-en-olinia-el-mini-auto-electrico-y-sus-tres-versiones\/","title":{"rendered":"Sheinbaum quiere llegar al Mundial 2026 en Olinia: el mini auto el\u00e9ctrico y sus tres versiones"},"content":{"rendered":"\n<p>Durante una conferencia en noviembre de 2025, la presidenta Claudia&nbsp;Sheinbaum revel\u00f3 su intenci\u00f3n de arribar a la inauguraci\u00f3n del Mundial 2026 en el <strong>Olinia<\/strong>, un mini auto el\u00e9ctrico desarrollado \u00edntegramente en M\u00e9xico. La mandataria se\u00f1al\u00f3 que los prototipos ya est\u00e1n listos y que el veh\u00edculo ser\u00e1 presentado oficialmente durante la ceremonia de apertura\u30101424683758049\u2020L112-L116\u3011.<\/p>\n\n\n\n<p><strong>Un coche 100&nbsp;% mexicano y accesible<\/strong><br>El nombre Olinia proviene del n\u00e1huatl y significa <em>moverse<\/em>. La idea central del proyecto es ofrecer un veh\u00edculo el\u00e9ctrico econ\u00f3mico y f\u00e1cil de mantener, con un precio similar al de una motocicleta\u30101424683758049\u2020L98-L110\u3011. Sheinbaum destac\u00f3 que el Olinia no pretende ser un autom\u00f3vil convencional de lujo, sino una alternativa asequible para millones de personas que necesitan moverse por la ciudad sin contaminar.<\/p>\n\n\n\n<p><strong>Tres versiones para distintas necesidades<\/strong><br>Roberto&nbsp;Capuano, coordinador del proyecto, explic\u00f3 que Olinia contar\u00e1 con tres versiones adaptadas a distintos usos\u30101424683758049\u2020L120-L130\u3011:<\/p>\n\n\n\n<ul class=\"wp-block-list\">\n<li><strong>Movilidad personal<\/strong>, una opci\u00f3n de uno o dos asientos que servir\u00e1 como alternativa a las motocicletas o motonetas.<\/li>\n\n\n\n<li><strong>Movilidad de barrio<\/strong>, pensada para sustituir mototaxis y taxis de corto alcance en colonias y zonas rurales.<\/li>\n\n\n\n<li><strong>Entregas de \u00faltima milla<\/strong>, un modelo con espacio de carga para repartos y uso comercial.<\/li>\n<\/ul>\n\n\n\n<p>Durante una conferencia en noviembre de 2025, la presidenta Claudia&nbsp;Sheinbaum revel\u00f3 su intenci\u00f3n de arribar a la inauguraci\u00f3n del Mundial 2026 en el <strong>Olinia<\/strong>, un mini auto el\u00e9ctrico desarrollado \u00edntegramente en M\u00e9xico. La mandataria se\u00f1al\u00f3 que los prototipos ya est\u00e1n listos y que el veh\u00edculo ser\u00e1 presentado oficialmente durante la ceremonia de apertura\u30101424683758049\u2020L112-L116\u3011.<\/p>\n\n\n\n<p><strong>Un coche 100&nbsp;% mexicano y accesible<\/strong><br>El nombre Olinia proviene del n\u00e1huatl y significa <em>moverse<\/em>. La idea central del proyecto es ofrecer un veh\u00edculo el\u00e9ctrico econ\u00f3mico y f\u00e1cil de mantener, con un precio similar al de una motocicleta\u30101424683758049\u2020L98-L110\u3011. Sheinbaum destac\u00f3 que el Olinia no pretende ser un autom\u00f3vil convencional de lujo, sino una alternativa asequible para millones de personas que necesitan moverse por la ciudad sin contaminar.<\/p>\n\n\n\n<p><strong>Tres versiones para distintas necesidades<\/strong><br>Roberto&nbsp;Capuano, coordinador del proyecto, explic\u00f3 que Olinia contar\u00e1 con tres versiones adaptadas a distintos usos\u30101424683758049\u2020L120-L130\u3011:<\/p>\n\n\n\n<ul class=\"wp-block-list\">\n<li><strong>Movilidad personal<\/strong>, una opci\u00f3n de uno o dos asientos que servir\u00e1 como alternativa a las motocicletas o motonetas.<\/li>\n\n\n\n<li><strong>Movilidad de barrio<\/strong>, pensada para sustituir mototaxis y taxis de corto alcance en colonias y zonas rurales.<\/li>\n\n\n\n<li><strong>Entregas de \u00faltima milla<\/strong>, un modelo con espacio de carga para repartos y uso comercial.<\/li>\n<\/ul>\n\n\n\n<p>Este enfoque de \u201cmovilidad del barrio\u201d sit\u00faa al Olinia m\u00e1s cerca de un cuatriciclo moderno que de un auto tradicional, lo que permite mantener los costos bajos y simplificar su homologaci\u00f3n\u30101424683758049\u2020L137-L139\u3011. Las tres versiones comparten la misma filosof\u00eda: ser ligeras, seguras y recargables en cualquier enchufe dom\u00e9stico.<\/p>\n\n\n\n<p><strong>Democratizar la electromovilidad<\/strong><br>La presidenta subray\u00f3 que el objetivo del proyecto es poner la electromovilidad al alcance de todos, no solo de quienes pueden pagar veh\u00edculos importados de gama alta. Adem\u00e1s de su tama\u00f1o compacto y bajo consumo, el Olinia incorporar\u00e1 elementos de seguridad b\u00e1sicos y podr\u00eda incluir espacio para silla de ruedas, seg\u00fan lo permitido por su dise\u00f1o.<\/p>\n\n\n\n<p>Aunque el precio final y las especificaciones t\u00e9cnicas se dar\u00e1n a conocer en 2026, el anuncio ha generado gran expectaci\u00f3n. Si el Olinia logra combinar un precio accesible con infraestructura de recarga adecuada, podr\u00eda convertirse en el emblema de la transici\u00f3n hacia una movilidad m\u00e1s limpia e inclusiva en M\u00e9xico.<\/p>\n","protected":false},"excerpt":{"rendered":"<p>Durante una conferencia en noviembre de 2025, la presidenta Claudia&nbsp;Sheinbaum revel\u00f3 su intenci\u00f3n de arribar&hellip;<\/p>\n","protected":false},"author":1,"featured_media":1075,"comment_status":"open","ping_status":"open","sticky":false,"template":"","format":"standard","meta":{"footnotes":""},"categories":[1],"tags":[],"class_list":["post-1084","post","type-post","status-publish","format-standard","has-post-thumbnail","hentry","category-uncategorized"],"_links":{"self":[{"href":"https:\/\/olinea.com.mx\/index.php\/wp-json\/wp\/v2\/posts\/1084","targetHints":{"allow":["GET"]}}],"collection":[{"href":"https:\/\/olinea.com.mx\/index.php\/wp-json\/wp\/v2\/posts"}],"about":[{"href":"https:\/\/olinea.com.mx\/index.php\/wp-json\/wp\/v2\/types\/post"}],"author":[{"embeddable":true,"href":"https:\/\/olinea.com.mx\/index.php\/wp-json\/wp\/v2\/users\/1"}],"replies":[{"embeddable":true,"href":"https:\/\/olinea.com.mx\/index.php\/wp-json\/wp\/v2\/comments?post=1084"}],"version-history":[{"count":1,"href":"https:\/\/olinea.com.mx\/index.php\/wp-json\/wp\/v2\/posts\/1084\/revisions"}],"predecessor-version":[{"id":1085,"href":"https:\/\/olinea.com.mx\/index.php\/wp-json\/wp\/v2\/posts\/1084\/revisions\/1085"}],"wp:featuredmedia":[{"embeddable":true,"href":"https:\/\/olinea.com.mx\/index.php\/wp-json\/wp\/v2\/media\/1075"}],"wp:attachment":[{"href":"https:\/\/olinea.com.mx\/index.php\/wp-json\/wp\/v2\/media?parent=1084"}],"wp:term":[{"taxonomy":"category","embeddable":true,"href":"https:\/\/olinea.com.mx\/index.php\/wp-json\/wp\/v2\/categories?post=1084"},{"taxonomy":"post_tag","embeddable":true,"href":"https:\/\/olinea.com.mx\/index.php\/wp-json\/wp\/v2\/tags?post=1084"}],"curies":[{"name":"wp","href":"https:\/\/api.w.org\/{rel}","templated":true}]}}